{"id":220,"date":"2011-02-28T12:01:42","date_gmt":"2011-02-28T12:01:42","guid":{"rendered":"https:\/\/www.laboratoridau.com\/inauguracion-de-la-planta-farmaceutica-dau-en-la-zona-franca-de-barcelona\/"},"modified":"2021-03-13T16:45:13","modified_gmt":"2021-03-13T16:45:13","slug":"inauguracion-de-la-planta-farmaceutica-dau-en-la-zona-franca-de-barcelona","status":"publish","type":"post","link":"https:\/\/www.laboratoridau.com\/en\/inauguracion-de-la-planta-farmaceutica-dau-en-la-zona-franca-de-barcelona\/","title":{"rendered":"Inauguraci\u00f3n de la planta farmac\u00e9utica Dau en la Zona Franca de Barcelona"},"content":{"rendered":"<div class=\"fusion-fullwidth fullwidth-box fusion-builder-row-1 fusion-flex-container nonhundred-percent-fullwidth non-hundred-percent-height-scrolling\" style=\"--awb-border-radius-top-left:0px;--awb-border-radius-top-right:0px;--awb-border-radius-bottom-right:0px;--awb-border-radius-bottom-left:0px;--awb-flex-wrap:wrap;\" ><div class=\"fusion-builder-row fusion-row fusion-flex-align-items-flex-start fusion-flex-content-wrap\" style=\"max-width:1664px;margin-left: calc(-4% \/ 2 );margin-right: calc(-4% \/ 2 );\"><div class=\"fusion-layout-column fusion_builder_column fusion-builder-column-0 fusion_builder_column_1_1 1_1 fusion-flex-column\" style=\"--awb-bg-size:cover;--awb-width-large:100%;--awb-margin-top-large:0px;--awb-spacing-right-large:1.92%;--awb-margin-bottom-large:0px;--awb-spacing-left-large:1.92%;--awb-width-medium:100%;--awb-spacing-right-medium:1.92%;--awb-spacing-left-medium:1.92%;--awb-width-small:100%;--awb-spacing-right-small:1.92%;--awb-spacing-left-small:1.92%;\"><div class=\"fusion-column-wrapper fusion-flex-justify-content-flex-start fusion-content-layout-column\"><div class=\"fusion-text fusion-text-1\"><p>Hoy se ha celebrado el acto de inauguraci\u00f3n de las nuevas instalaciones de la Fundaci\u00f3n DAU en la Zona Franca de Barcelona. El acto ha sido presidido por Artur Mas Gavarr\u00f3, presidente de la Generalitat de Catalunya. Ha contado tambi\u00e9n con la presencia de Salvador Jorba Nadal, delegado territorial del Gobierno de Barcelona, de Francesc Sancho Serena, secretario de Estrategia y Coordinaci\u00f3n del Dpto. de Salut de la Generalitat de Catalunya, de Rosa Boladeras Serravi\u00f1als, presidenta del Consejo Comarcal del Baix Llobregat, de Xavier L\u00f3pez Garc\u00eda, director general de Econom\u00eda Social, Cooperativa y Trabajo Aut\u00f3nomo, entre otros representantes institucionales.<\/p>\n<p>El acto de inauguraci\u00f3n ha consistido en el descubrimiento de una placa conmemorativa a cargo del presidente de la Generalitat. Seguidamente, se ha procedido a la visita guiada de las instalaciones comenzando por la zona de laboratorio de cosm\u00e9tica, laboratorio farmac\u00e9utico, finalizando en la zona de formaci\u00f3n, oficinas y servicios.<\/p>\n<p>La nueva sede cuenta con una nave de 7000 m2, que se reparten en las tres plantas que componen las diferentes \u00e1reas de trabajo. La primera planta, de 3000 m2 aloja los almacenes y salas de acondicionado del laboratorio farmac\u00e9utico. En la segunda planta, tambi\u00e9n de 3000 m2, se realizan las operaciones de acondicionado y envasado de productos cosm\u00e9ticos. La tercera planta, de 1000 m2, contempla la zona de formaci\u00f3n de trabajadores, comedor y oficinas.<\/p>\n<p>El proyecto de la Fundaci\u00f3n DAU es innovador en Espa\u00f1a, ya que re\u00fane en un mismo espacio, laboratorios farmac\u00e9utico y cosm\u00e9tico como fabricantes parciales y, a la vez, un Centro Especial de Empleo y formativo orientado a personas con discapacidad.<\/p>\n<p>Por otro lado, es importante se\u00f1alar que, la labor desarrollada por la entidad, dignifica y permite calificar profesionalmente a sus trabajadores a trav\u00e9s del programa de planes de mejora.<\/p>\n<\/div><div class=\"fusion-separator fusion-full-width-sep\" style=\"align-self: center;margin-left: auto;margin-right: auto;width:100%;\"><\/div><div class=\"fusion-image-element \" style=\"text-align:center;--awb-max-width:430px;--awb-caption-title-font-family:var(--h2_typography-font-family);--awb-caption-title-font-weight:var(--h2_typography-font-weight);--awb-caption-title-font-style:var(--h2_typography-font-style);--awb-caption-title-size:var(--h2_typography-font-size);--awb-caption-title-transform:var(--h2_typography-text-transform);--awb-caption-title-line-height:var(--h2_typography-line-height);--awb-caption-title-letter-spacing:var(--h2_typography-letter-spacing);\"><span class=\" fusion-imageframe imageframe-none imageframe-1 hover-type-none\"><img decoding=\"async\" width=\"600\" height=\"409\"  src=\"https:\/\/www.laboratoridau.com\/wp-content\/uploads\/2020\/10\/inauguracion-dau.jpg\" data-orig-src=\"https:\/\/www.laboratoridau.com\/wp-content\/uploads\/2020\/10\/inauguracion-dau-600x409.jpg\" alt class=\"lazyload img-responsive wp-image-216\" srcset=\"data:image\/svg+xml,%3Csvg%20xmlns%3D%27http%3A%2F%2Fwww.w3.org%2F2000%2Fsvg%27%20width%3D%27800%27%20height%3D%27545%27%20viewBox%3D%270%200%20800%20545%27%3E%3Crect%20width%3D%27800%27%20height%3D%27545%27%20fill-opacity%3D%220%22%2F%3E%3C%2Fsvg%3E\" data-srcset=\"https:\/\/www.laboratoridau.com\/wp-content\/uploads\/2020\/10\/inauguracion-dau-200x136.jpg 200w, https:\/\/www.laboratoridau.com\/wp-content\/uploads\/2020\/10\/inauguracion-dau-400x273.jpg 400w, https:\/\/www.laboratoridau.com\/wp-content\/uploads\/2020\/10\/inauguracion-dau-600x409.jpg 600w, https:\/\/www.laboratoridau.com\/wp-content\/uploads\/2020\/10\/inauguracion-dau.jpg 800w\" data-sizes=\"auto\" data-orig-sizes=\"(max-width: 640px) 100vw, 600px\" \/><\/span><\/div><\/div><\/div><\/div><\/div>\n","protected":false},"excerpt":{"rendered":"","protected":false},"author":1,"featured_media":216,"comment_status":"open","ping_status":"open","sticky":false,"template":"","format":"standard","meta":{"_acf_changed":false,"footnotes":""},"categories":[19],"tags":[],"class_list":["post-220","post","type-post","status-publish","format-standard","has-post-thumbnail","hentry","category-news"],"acf":[],"yoast_head":"<!-- This site is optimized with the Yoast SEO plugin v26.5 - https:\/\/yoast.com\/wordpress\/plugins\/seo\/ -->\n<title>Laboratori DAU - Inauguraci\u00f3n de la planta farmac\u00e9utica Dau en la Zona Franca de Barcelona<\/title>\n<meta name=\"robots\" content=\"index, follow, max-snippet:-1, max-image-preview:large, max-video-preview:-1\" \/>\n<link rel=\"canonical\" href=\"https:\/\/www.laboratoridau.com\/en\/inauguracion-de-la-planta-farmaceutica-dau-en-la-zona-franca-de-barcelona\/\" \/>\n<meta property=\"og:locale\" content=\"en_US\" \/>\n<meta property=\"og:type\" content=\"article\" \/>\n<meta property=\"og:title\" content=\"Laboratori DAU - Inauguraci\u00f3n de la planta farmac\u00e9utica Dau en la Zona Franca de Barcelona\" \/>\n<meta property=\"og:url\" content=\"https:\/\/www.laboratoridau.com\/en\/inauguracion-de-la-planta-farmaceutica-dau-en-la-zona-franca-de-barcelona\/\" \/>\n<meta property=\"og:site_name\" content=\"Laboratori DAU\" \/>\n<meta property=\"article:published_time\" content=\"2011-02-28T12:01:42+00:00\" \/>\n<meta property=\"article:modified_time\" content=\"2021-03-13T16:45:13+00:00\" \/>\n<meta property=\"og:image\" content=\"https:\/\/www.laboratoridau.com\/wp-content\/uploads\/2020\/10\/inauguracion-dau.jpg\" \/>\n\t<meta property=\"og:image:width\" content=\"800\" \/>\n\t<meta property=\"og:image:height\" content=\"545\" \/>\n\t<meta property=\"og:image:type\" content=\"image\/jpeg\" \/>\n<meta name=\"author\" content=\"Room\" \/>\n<meta name=\"twitter:card\" content=\"summary_large_image\" \/>\n<meta name=\"twitter:label1\" content=\"Written by\" \/>\n\t<meta name=\"twitter:data1\" content=\"Room\" \/>\n\t<meta name=\"twitter:label2\" content=\"Est. reading time\" \/>\n\t<meta name=\"twitter:data2\" content=\"2 minutes\" \/>\n<script type=\"application\/ld+json\" class=\"yoast-schema-graph\">{\"@context\":\"https:\/\/schema.org\",\"@graph\":[{\"@type\":\"Article\",\"@id\":\"https:\/\/www.laboratoridau.com\/en\/inauguracion-de-la-planta-farmaceutica-dau-en-la-zona-franca-de-barcelona\/#article\",\"isPartOf\":{\"@id\":\"https:\/\/www.laboratoridau.com\/en\/inauguracion-de-la-planta-farmaceutica-dau-en-la-zona-franca-de-barcelona\/\"},\"author\":{\"name\":\"Room\",\"@id\":\"https:\/\/www.laboratoridau.com\/en\/#\/schema\/person\/cc2a607f445a26e58d7b9731a7747918\"},\"headline\":\"Inauguraci\u00f3n de la planta farmac\u00e9utica Dau en la Zona Franca de Barcelona\",\"datePublished\":\"2011-02-28T12:01:42+00:00\",\"dateModified\":\"2021-03-13T16:45:13+00:00\",\"mainEntityOfPage\":{\"@id\":\"https:\/\/www.laboratoridau.com\/en\/inauguracion-de-la-planta-farmaceutica-dau-en-la-zona-franca-de-barcelona\/\"},\"wordCount\":720,\"commentCount\":0,\"publisher\":{\"@id\":\"https:\/\/www.laboratoridau.com\/en\/#organization\"},\"image\":{\"@id\":\"https:\/\/www.laboratoridau.com\/en\/inauguracion-de-la-planta-farmaceutica-dau-en-la-zona-franca-de-barcelona\/#primaryimage\"},\"thumbnailUrl\":\"https:\/\/www.laboratoridau.com\/wp-content\/uploads\/2020\/10\/inauguracion-dau.jpg\",\"articleSection\":[\"News\"],\"inLanguage\":\"en-US\",\"potentialAction\":[{\"@type\":\"CommentAction\",\"name\":\"Comment\",\"target\":[\"https:\/\/www.laboratoridau.com\/en\/inauguracion-de-la-planta-farmaceutica-dau-en-la-zona-franca-de-barcelona\/#respond\"]}]},{\"@type\":\"WebPage\",\"@id\":\"https:\/\/www.laboratoridau.com\/en\/inauguracion-de-la-planta-farmaceutica-dau-en-la-zona-franca-de-barcelona\/\",\"url\":\"https:\/\/www.laboratoridau.com\/en\/inauguracion-de-la-planta-farmaceutica-dau-en-la-zona-franca-de-barcelona\/\",\"name\":\"Laboratori DAU - Inauguraci\u00f3n de la planta farmac\u00e9utica Dau en la Zona Franca de Barcelona\",\"isPartOf\":{\"@id\":\"https:\/\/www.laboratoridau.com\/en\/#website\"},\"primaryImageOfPage\":{\"@id\":\"https:\/\/www.laboratoridau.com\/en\/inauguracion-de-la-planta-farmaceutica-dau-en-la-zona-franca-de-barcelona\/#primaryimage\"},\"image\":{\"@id\":\"https:\/\/www.laboratoridau.com\/en\/inauguracion-de-la-planta-farmaceutica-dau-en-la-zona-franca-de-barcelona\/#primaryimage\"},\"thumbnailUrl\":\"https:\/\/www.laboratoridau.com\/wp-content\/uploads\/2020\/10\/inauguracion-dau.jpg\",\"datePublished\":\"2011-02-28T12:01:42+00:00\",\"dateModified\":\"2021-03-13T16:45:13+00:00\",\"breadcrumb\":{\"@id\":\"https:\/\/www.laboratoridau.com\/en\/inauguracion-de-la-planta-farmaceutica-dau-en-la-zona-franca-de-barcelona\/#breadcrumb\"},\"inLanguage\":\"en-US\",\"potentialAction\":[{\"@type\":\"ReadAction\",\"target\":[\"https:\/\/www.laboratoridau.com\/en\/inauguracion-de-la-planta-farmaceutica-dau-en-la-zona-franca-de-barcelona\/\"]}]},{\"@type\":\"ImageObject\",\"inLanguage\":\"en-US\",\"@id\":\"https:\/\/www.laboratoridau.com\/en\/inauguracion-de-la-planta-farmaceutica-dau-en-la-zona-franca-de-barcelona\/#primaryimage\",\"url\":\"https:\/\/www.laboratoridau.com\/wp-content\/uploads\/2020\/10\/inauguracion-dau.jpg\",\"contentUrl\":\"https:\/\/www.laboratoridau.com\/wp-content\/uploads\/2020\/10\/inauguracion-dau.jpg\",\"width\":800,\"height\":545},{\"@type\":\"BreadcrumbList\",\"@id\":\"https:\/\/www.laboratoridau.com\/en\/inauguracion-de-la-planta-farmaceutica-dau-en-la-zona-franca-de-barcelona\/#breadcrumb\",\"itemListElement\":[{\"@type\":\"ListItem\",\"position\":1,\"name\":\"Portada\",\"item\":\"https:\/\/www.laboratoridau.com\/en\/home\/\"},{\"@type\":\"ListItem\",\"position\":2,\"name\":\"Inauguraci\u00f3n de la planta farmac\u00e9utica Dau en la Zona Franca de Barcelona\"}]},{\"@type\":\"WebSite\",\"@id\":\"https:\/\/www.laboratoridau.com\/en\/#website\",\"url\":\"https:\/\/www.laboratoridau.com\/en\/\",\"name\":\"Laboratori DAU\",\"description\":\"Control de calidad y acondicionado de productos farmac\u00e9uticos\",\"publisher\":{\"@id\":\"https:\/\/www.laboratoridau.com\/en\/#organization\"},\"potentialAction\":[{\"@type\":\"SearchAction\",\"target\":{\"@type\":\"EntryPoint\",\"urlTemplate\":\"https:\/\/www.laboratoridau.com\/en\/?s={search_term_string}\"},\"query-input\":{\"@type\":\"PropertyValueSpecification\",\"valueRequired\":true,\"valueName\":\"search_term_string\"}}],\"inLanguage\":\"en-US\"},{\"@type\":\"Organization\",\"@id\":\"https:\/\/www.laboratoridau.com\/en\/#organization\",\"name\":\"Laboratori DAU\",\"url\":\"https:\/\/www.laboratoridau.com\/en\/\",\"logo\":{\"@type\":\"ImageObject\",\"inLanguage\":\"en-US\",\"@id\":\"https:\/\/www.laboratoridau.com\/en\/#\/schema\/logo\/image\/\",\"url\":\"https:\/\/www.laboratoridau.com\/wp-content\/uploads\/2021\/03\/dau-logo-header-250.png\",\"contentUrl\":\"https:\/\/www.laboratoridau.com\/wp-content\/uploads\/2021\/03\/dau-logo-header-250.png\",\"width\":250,\"height\":94,\"caption\":\"Laboratori DAU\"},\"image\":{\"@id\":\"https:\/\/www.laboratoridau.com\/en\/#\/schema\/logo\/image\/\"}},{\"@type\":\"Person\",\"@id\":\"https:\/\/www.laboratoridau.com\/en\/#\/schema\/person\/cc2a607f445a26e58d7b9731a7747918\",\"name\":\"Room\"}]}<\/script>\n<!-- \/ Yoast SEO plugin. -->","yoast_head_json":{"title":"Laboratori DAU - Inauguraci\u00f3n de la planta farmac\u00e9utica Dau en la Zona Franca de Barcelona","robots":{"index":"index","follow":"follow","max-snippet":"max-snippet:-1","max-image-preview":"max-image-preview:large","max-video-preview":"max-video-preview:-1"},"canonical":"https:\/\/www.laboratoridau.com\/en\/inauguracion-de-la-planta-farmaceutica-dau-en-la-zona-franca-de-barcelona\/","og_locale":"en_US","og_type":"article","og_title":"Laboratori DAU - Inauguraci\u00f3n de la planta farmac\u00e9utica Dau en la Zona Franca de Barcelona","og_url":"https:\/\/www.laboratoridau.com\/en\/inauguracion-de-la-planta-farmaceutica-dau-en-la-zona-franca-de-barcelona\/","og_site_name":"Laboratori DAU","article_published_time":"2011-02-28T12:01:42+00:00","article_modified_time":"2021-03-13T16:45:13+00:00","og_image":[{"width":800,"height":545,"url":"https:\/\/www.laboratoridau.com\/wp-content\/uploads\/2020\/10\/inauguracion-dau.jpg","type":"image\/jpeg"}],"author":"Room","twitter_card":"summary_large_image","twitter_misc":{"Written by":"Room","Est. reading time":"2 minutes"},"schema":{"@context":"https:\/\/schema.org","@graph":[{"@type":"Article","@id":"https:\/\/www.laboratoridau.com\/en\/inauguracion-de-la-planta-farmaceutica-dau-en-la-zona-franca-de-barcelona\/#article","isPartOf":{"@id":"https:\/\/www.laboratoridau.com\/en\/inauguracion-de-la-planta-farmaceutica-dau-en-la-zona-franca-de-barcelona\/"},"author":{"name":"Room","@id":"https:\/\/www.laboratoridau.com\/en\/#\/schema\/person\/cc2a607f445a26e58d7b9731a7747918"},"headline":"Inauguraci\u00f3n de la planta farmac\u00e9utica Dau en la Zona Franca de Barcelona","datePublished":"2011-02-28T12:01:42+00:00","dateModified":"2021-03-13T16:45:13+00:00","mainEntityOfPage":{"@id":"https:\/\/www.laboratoridau.com\/en\/inauguracion-de-la-planta-farmaceutica-dau-en-la-zona-franca-de-barcelona\/"},"wordCount":720,"commentCount":0,"publisher":{"@id":"https:\/\/www.laboratoridau.com\/en\/#organization"},"image":{"@id":"https:\/\/www.laboratoridau.com\/en\/inauguracion-de-la-planta-farmaceutica-dau-en-la-zona-franca-de-barcelona\/#primaryimage"},"thumbnailUrl":"https:\/\/www.laboratoridau.com\/wp-content\/uploads\/2020\/10\/inauguracion-dau.jpg","articleSection":["News"],"inLanguage":"en-US","potentialAction":[{"@type":"CommentAction","name":"Comment","target":["https:\/\/www.laboratoridau.com\/en\/inauguracion-de-la-planta-farmaceutica-dau-en-la-zona-franca-de-barcelona\/#respond"]}]},{"@type":"WebPage","@id":"https:\/\/www.laboratoridau.com\/en\/inauguracion-de-la-planta-farmaceutica-dau-en-la-zona-franca-de-barcelona\/","url":"https:\/\/www.laboratoridau.com\/en\/inauguracion-de-la-planta-farmaceutica-dau-en-la-zona-franca-de-barcelona\/","name":"Laboratori DAU - Inauguraci\u00f3n de la planta farmac\u00e9utica Dau en la Zona Franca de Barcelona","isPartOf":{"@id":"https:\/\/www.laboratoridau.com\/en\/#website"},"primaryImageOfPage":{"@id":"https:\/\/www.laboratoridau.com\/en\/inauguracion-de-la-planta-farmaceutica-dau-en-la-zona-franca-de-barcelona\/#primaryimage"},"image":{"@id":"https:\/\/www.laboratoridau.com\/en\/inauguracion-de-la-planta-farmaceutica-dau-en-la-zona-franca-de-barcelona\/#primaryimage"},"thumbnailUrl":"https:\/\/www.laboratoridau.com\/wp-content\/uploads\/2020\/10\/inauguracion-dau.jpg","datePublished":"2011-02-28T12:01:42+00:00","dateModified":"2021-03-13T16:45:13+00:00","breadcrumb":{"@id":"https:\/\/www.laboratoridau.com\/en\/inauguracion-de-la-planta-farmaceutica-dau-en-la-zona-franca-de-barcelona\/#breadcrumb"},"inLanguage":"en-US","potentialAction":[{"@type":"ReadAction","target":["https:\/\/www.laboratoridau.com\/en\/inauguracion-de-la-planta-farmaceutica-dau-en-la-zona-franca-de-barcelona\/"]}]},{"@type":"ImageObject","inLanguage":"en-US","@id":"https:\/\/www.laboratoridau.com\/en\/inauguracion-de-la-planta-farmaceutica-dau-en-la-zona-franca-de-barcelona\/#primaryimage","url":"https:\/\/www.laboratoridau.com\/wp-content\/uploads\/2020\/10\/inauguracion-dau.jpg","contentUrl":"https:\/\/www.laboratoridau.com\/wp-content\/uploads\/2020\/10\/inauguracion-dau.jpg","width":800,"height":545},{"@type":"BreadcrumbList","@id":"https:\/\/www.laboratoridau.com\/en\/inauguracion-de-la-planta-farmaceutica-dau-en-la-zona-franca-de-barcelona\/#breadcrumb","itemListElement":[{"@type":"ListItem","position":1,"name":"Portada","item":"https:\/\/www.laboratoridau.com\/en\/home\/"},{"@type":"ListItem","position":2,"name":"Inauguraci\u00f3n de la planta farmac\u00e9utica Dau en la Zona Franca de Barcelona"}]},{"@type":"WebSite","@id":"https:\/\/www.laboratoridau.com\/en\/#website","url":"https:\/\/www.laboratoridau.com\/en\/","name":"Laboratori DAU","description":"Control de calidad y acondicionado de productos farmac\u00e9uticos","publisher":{"@id":"https:\/\/www.laboratoridau.com\/en\/#organization"},"potentialAction":[{"@type":"SearchAction","target":{"@type":"EntryPoint","urlTemplate":"https:\/\/www.laboratoridau.com\/en\/?s={search_term_string}"},"query-input":{"@type":"PropertyValueSpecification","valueRequired":true,"valueName":"search_term_string"}}],"inLanguage":"en-US"},{"@type":"Organization","@id":"https:\/\/www.laboratoridau.com\/en\/#organization","name":"Laboratori DAU","url":"https:\/\/www.laboratoridau.com\/en\/","logo":{"@type":"ImageObject","inLanguage":"en-US","@id":"https:\/\/www.laboratoridau.com\/en\/#\/schema\/logo\/image\/","url":"https:\/\/www.laboratoridau.com\/wp-content\/uploads\/2021\/03\/dau-logo-header-250.png","contentUrl":"https:\/\/www.laboratoridau.com\/wp-content\/uploads\/2021\/03\/dau-logo-header-250.png","width":250,"height":94,"caption":"Laboratori DAU"},"image":{"@id":"https:\/\/www.laboratoridau.com\/en\/#\/schema\/logo\/image\/"}},{"@type":"Person","@id":"https:\/\/www.laboratoridau.com\/en\/#\/schema\/person\/cc2a607f445a26e58d7b9731a7747918","name":"Room"}]}},"_links":{"self":[{"href":"https:\/\/www.laboratoridau.com\/en\/wp-json\/wp\/v2\/posts\/220","targetHints":{"allow":["GET"]}}],"collection":[{"href":"https:\/\/www.laboratoridau.com\/en\/wp-json\/wp\/v2\/posts"}],"about":[{"href":"https:\/\/www.laboratoridau.com\/en\/wp-json\/wp\/v2\/types\/post"}],"author":[{"embeddable":true,"href":"https:\/\/www.laboratoridau.com\/en\/wp-json\/wp\/v2\/users\/1"}],"replies":[{"embeddable":true,"href":"https:\/\/www.laboratoridau.com\/en\/wp-json\/wp\/v2\/comments?post=220"}],"version-history":[{"count":2,"href":"https:\/\/www.laboratoridau.com\/en\/wp-json\/wp\/v2\/posts\/220\/revisions"}],"predecessor-version":[{"id":311,"href":"https:\/\/www.laboratoridau.com\/en\/wp-json\/wp\/v2\/posts\/220\/revisions\/311"}],"wp:featuredmedia":[{"embeddable":true,"href":"https:\/\/www.laboratoridau.com\/en\/wp-json\/wp\/v2\/media\/216"}],"wp:attachment":[{"href":"https:\/\/www.laboratoridau.com\/en\/wp-json\/wp\/v2\/media?parent=220"}],"wp:term":[{"taxonomy":"category","embeddable":true,"href":"https:\/\/www.laboratoridau.com\/en\/wp-json\/wp\/v2\/categories?post=220"},{"taxonomy":"post_tag","embeddable":true,"href":"https:\/\/www.laboratoridau.com\/en\/wp-json\/wp\/v2\/tags?post=220"}],"curies":[{"name":"wp","href":"https:\/\/api.w.org\/{rel}","templated":true}]}}